{"id":9600,"date":"2026-09-05T11:40:33","date_gmt":"2026-09-05T09:40:33","guid":{"rendered":"https:\/\/alejandrogimenez.net\/?p=9600"},"modified":"2026-03-05T12:00:47","modified_gmt":"2026-03-05T11:00:47","slug":"acustica-arquitectonica-villas-lujo","status":"publish","type":"post","link":"https:\/\/alejandrogimenez.net\/es\/acustica-arquitectonica-villas-lujo\/","title":{"rendered":"Ac\u00fastica arquitect\u00f3nica en villas de lujo"},"content":{"rendered":"\t\t<div data-elementor-type=\"wp-post\" data-elementor-id=\"9600\" class=\"elementor elementor-9600\" data-elementor-post-type=\"post\">\n\t\t\t\t\t\t<section class=\"elementor-section elementor-top-section elementor-element elementor-element-02d5aa1 elementor-section-boxed elementor-section-height-default elementor-section-height-default\" data-id=\"02d5aa1\" data-element_type=\"section\" data-e-type=\"section\" data-settings=\"{&quot;jet_parallax_layout_list&quot;:[{&quot;jet_parallax_layout_image&quot;:{&quot;url&quot;:&quot;&quot;,&quot;id&quot;:&quot;&quot;,&quot;size&quot;:&quot;&quot;},&quot;_id&quot;:&quot;f075f59&quot;,&quot;jet_parallax_layout_image_tablet&quot;:{&quot;url&quot;:&quot;&quot;,&quot;id&quot;:&quot;&quot;,&quot;size&quot;:&quot;&quot;},&quot;jet_parallax_layout_image_mobile&quot;:{&quot;url&quot;:&quot;&quot;,&quot;id&quot;:&quot;&quot;,&quot;size&quot;:&quot;&quot;},&quot;jet_parallax_layout_speed&quot;:{&quot;unit&quot;:&quot;%&quot;,&quot;size&quot;:50,&quot;sizes&quot;:[]},&quot;jet_parallax_layout_type&quot;:&quot;scroll&quot;,&quot;jet_parallax_layout_direction&quot;:&quot;1&quot;,&quot;jet_parallax_layout_fx_direction&quot;:null,&quot;jet_parallax_layout_z_index&quot;:&quot;&quot;,&quot;jet_parallax_layout_bg_x&quot;:50,&quot;jet_parallax_layout_bg_x_tablet&quot;:&quot;&quot;,&quot;jet_parallax_layout_bg_x_mobile&quot;:&quot;&quot;,&quot;jet_parallax_layout_bg_y&quot;:50,&quot;jet_parallax_layout_bg_y_tablet&quot;:&quot;&quot;,&quot;jet_parallax_layout_bg_y_mobile&quot;:&quot;&quot;,&quot;jet_parallax_layout_bg_size&quot;:&quot;auto&quot;,&quot;jet_parallax_layout_bg_size_tablet&quot;:&quot;&quot;,&quot;jet_parallax_layout_bg_size_mobile&quot;:&quot;&quot;,&quot;jet_parallax_layout_animation_prop&quot;:&quot;transform&quot;,&quot;jet_parallax_layout_on&quot;:[&quot;desktop&quot;,&quot;tablet&quot;]}]}\">\n\t\t\t\t\t\t<div class=\"elementor-container elementor-column-gap-default\">\n\t\t\t\t\t<div class=\"elementor-column elementor-col-100 elementor-top-column elementor-element elementor-element-176351c\" data-id=\"176351c\" data-element_type=\"column\" data-e-type=\"column\">\n\t\t\t<div class=\"elementor-widget-wrap elementor-element-populated\">\n\t\t\t\t\t\t<div class=\"elementor-element elementor-element-e03b3df elementor-widget elementor-widget-text-editor\" data-id=\"e03b3df\" data-element_type=\"widget\" data-e-type=\"widget\" data-widget_type=\"text-editor.default\">\n\t\t\t\t<div class=\"elementor-widget-container\">\n\t\t\t\t\t\t\t\t\tLa <b>ac\u00fastica arquitect\u00f3nica<\/b> es, hoy, el lujo que nadie fotograf\u00eda pero todo el mundo anhela como esencia del bienestar absoluto.\u00a0 En un mundo donde la exposici\u00f3n al ruido es constante e inevitable \u2014tr\u00e1fico, notificaciones, conversaciones que no te pertenecen, el zumbido omnipresente de las ciudades\u2014 la capacidad de una casa para envolverse en silencio se ha convertido en uno de los atributos m\u00e1s codiciados del mercado inmobiliario de alto standing. No se mide en metros cuadrados ni en vistas al mar. Se mide en lo que dejas de escuchar en el momento en que cruzas el umbral.\t\t\t\t\t\t\t\t<\/div>\n\t\t\t\t<\/div>\n\t\t\t\t<div class=\"elementor-element elementor-element-f49a889 elementor-widget elementor-widget-heading\" data-id=\"f49a889\" data-element_type=\"widget\" data-e-type=\"widget\" data-widget_type=\"heading.default\">\n\t\t\t\t<div class=\"elementor-widget-container\">\n\t\t\t\t\t<h2 class=\"elementor-heading-title elementor-size-default\">El ruido que no ves, pero que agota\n<\/h2>\t\t\t\t<\/div>\n\t\t\t\t<\/div>\n\t\t\t\t<div class=\"elementor-element elementor-element-639b5c8 elementor-widget elementor-widget-text-editor\" data-id=\"639b5c8\" data-element_type=\"widget\" data-e-type=\"widget\" data-widget_type=\"text-editor.default\">\n\t\t\t\t<div class=\"elementor-widget-container\">\n\t\t\t\t\t\t\t\t\t<p>Existe una forma de cansancio que no tiene nombre preciso. No es el cansancio f\u00edsico de quien ha corrido, ni el intelectual de quien ha pensado demasiado. Es el agotamiento acumulado de vivir en un entorno sonoro que nunca descansa. Los estudios sobre bienestar y entorno construido llevan d\u00e9cadas documentando la relaci\u00f3n entre la exposici\u00f3n cr\u00f3nica al ruido y el aumento del cortisol, esa hormona del estr\u00e9s que trabaja en silencio \u2014con cierta iron\u00eda\u2014 para erosionar la calidad del sue\u00f1o, la concentraci\u00f3n y el humor.<\/p><p>Una villa en Marbella, en Benahav\u00eds o en Estepona deber\u00eda ser la respuesta arquitect\u00f3nica a ese agotamiento. Pero no todas lo son. Muchas propiedades de lujo en la Costa del Sol han sido dise\u00f1adas para impresionar visualmente, priorizando grandes superficies de vidrio y acabados duros que, ac\u00fasticamente, convierten el interior en una caja de resonancia. El sonido rebota, se amplifica, y la paz que promet\u00eda la fotograf\u00eda se diluye en el primer d\u00eda de viento de Levante.<\/p>\t\t\t\t\t\t\t\t<\/div>\n\t\t\t\t<\/div>\n\t\t\t\t<div class=\"elementor-element elementor-element-9d46b98 elementor-widget elementor-widget-heading\" data-id=\"9d46b98\" data-element_type=\"widget\" data-e-type=\"widget\" data-widget_type=\"heading.default\">\n\t\t\t\t<div class=\"elementor-widget-container\">\n\t\t\t\t\t<h2 class=\"elementor-heading-title elementor-size-default\">Ac\u00fastica arquitect\u00f3nica en villas: Cuando el material construye silencio\n<\/h2>\t\t\t\t<\/div>\n\t\t\t\t<\/div>\n\t\t\t\t<div class=\"elementor-element elementor-element-e90d5a9 elementor-widget elementor-widget-text-editor\" data-id=\"e90d5a9\" data-element_type=\"widget\" data-e-type=\"widget\" data-widget_type=\"text-editor.default\">\n\t\t\t\t<div class=\"elementor-widget-container\">\n\t\t\t\t\t\t\t\t\t<p>En Alejandro Gim\u00e9nez, <b><a href=\"\/es\/arquitecto-marbella\/\">arquitectos Marbella<\/a><\/b>, entendemos el silencio como lo que realmente es: un material de construcci\u00f3n. Uno que no aparece en el presupuesto de obra con partida propia, pero que est\u00e1 presente en cada decisi\u00f3n de proyecto.<\/p><p>La elecci\u00f3n de un mortero de cal en lugar de un revestimiento sint\u00e9tico no es solo est\u00e9tica. La cal es un material poroso, vivo, que respira y absorbe. Sus microirregularidades superficiales dispersan las ondas sonoras en lugar de reflejarlas, contribuyendo a esa sensaci\u00f3n de calma que se percibe en una habitaci\u00f3n encalada y que resulta tan dif\u00edcil de explicar racionalmente. La madera trabaja de manera similar: sus fibras naturales amortiguan, matizan, redondean el sonido hasta convertirlo en algo tolerable, casi c\u00e1lido.<\/p><p>Frente a ellos, el vidrio y el hormig\u00f3n desnudo \u2014los protagonistas de cierta est\u00e9tica minimalista agresiva\u2014 crean entornos ac\u00fasticamente hostiles. Superficies perfectamente lisas y duras que devuelven el sonido sin filtro, sin piedad. Una cocina de hormig\u00f3n pulido puede ser hermosa. Pero comer en ella con tres conversaciones simult\u00e1neas puede resultar extenuante.<\/p><p>El uso de textiles naturales \u2014linos, lanas, algodones en tapicer\u00eda, alfombras de fibra\u2014 no es un capricho decorativo: es ac\u00fastica aplicada. Cada superficie blanda que incorporas a un espacio es una decisi\u00f3n de bienestar sonoro.<\/p>\t\t\t\t\t\t\t\t<\/div>\n\t\t\t\t<\/div>\n\t\t\t\t<div class=\"elementor-element elementor-element-a52149a elementor-widget elementor-widget-heading\" data-id=\"a52149a\" data-element_type=\"widget\" data-e-type=\"widget\" data-widget_type=\"heading.default\">\n\t\t\t\t<div class=\"elementor-widget-container\">\n\t\t\t\t\t<h3 class=\"elementor-heading-title elementor-size-default\">La paradoja del espacio abierto y la intimidad ac\u00fastica\n<\/h3>\t\t\t\t<\/div>\n\t\t\t\t<\/div>\n\t\t\t\t<div class=\"elementor-element elementor-element-a8c6077 elementor-widget elementor-widget-text-editor\" data-id=\"a8c6077\" data-element_type=\"widget\" data-e-type=\"widget\" data-widget_type=\"text-editor.default\">\n\t\t\t\t<div class=\"elementor-widget-container\">\n\t\t\t\t\t\t\t\t\t<p>Uno de los retos m\u00e1s interesantes del dise\u00f1o de villas de lujo en el entorno mediterr\u00e1neo es la tensi\u00f3n entre apertura y privacidad. La arquitectura que practicamos busca disolver la frontera entre interior y exterior: patios que respiran, salones que se abren al jard\u00edn, dormitorios que dialogan con el paisaje. Pero esa apertura, mal resuelta, puede ser una trampa ac\u00fastica.<\/p><p><b>La clave est\u00e1 en la geometr\u00eda y en la estratificaci\u00f3n.<\/b> Un patio bien proporcionado no amplifica: canaliza. Una doble altura con materiales absorbentes en su per\u00edmetro superior puede ser ac\u00fasticamente m\u00e1s silenciosa que una estancia convencional. La posici\u00f3n de los dormitorios respecto a las zonas de ocio y servicio no es solo una cuesti\u00f3n de privacidad visual: es dise\u00f1o ac\u00fastico del plano. Pensamos en el ruido antes de que exista, cuando a\u00fan es solo una l\u00ednea en el proyecto.<\/p><p><b>En urbanizaciones como La Zagaleta, El Madro\u00f1al o Los Flamingos,<\/b> donde la topograf\u00eda mediterr\u00e1nea nos regala desniveles y vegetaci\u00f3n densa, <b>la arquitectura puede aprovechar el terreno como aliado ac\u00fastico. <\/b>Una vivienda bien implantada en su ladera es, por naturaleza, m\u00e1s silenciosa. El paisaje trabaja a tu favor antes de que empiece la obra.<\/p>\t\t\t\t\t\t\t\t<\/div>\n\t\t\t\t<\/div>\n\t\t\t\t<div class=\"elementor-element elementor-element-862452a elementor-widget elementor-widget-heading\" data-id=\"862452a\" data-element_type=\"widget\" data-e-type=\"widget\" data-widget_type=\"heading.default\">\n\t\t\t\t<div class=\"elementor-widget-container\">\n\t\t\t\t\t<h4 class=\"elementor-heading-title elementor-size-default\">Lo que siente tu sistema nervioso al llegar a casa\n<\/h4>\t\t\t\t<\/div>\n\t\t\t\t<\/div>\n\t\t\t\t<div class=\"elementor-element elementor-element-b6d5873 elementor-widget elementor-widget-text-editor\" data-id=\"b6d5873\" data-element_type=\"widget\" data-e-type=\"widget\" data-widget_type=\"text-editor.default\">\n\t\t\t\t<div class=\"elementor-widget-container\">\n\t\t\t\t\t\t\t\t\t<p>Hay una experiencia que quienes viven en una casa bien resuelta ac\u00fasticamente describen siempre de la misma manera: entran y algo se afloja. Una tensi\u00f3n que ni sab\u00edan que llevaban encima simplemente se disuelve. No es magia. Es fisiolog\u00eda.<\/p><p>El sistema nervioso responde al entorno sonoro de forma inmediata y aut\u00f3noma. Un espacio con buen confort ac\u00fastico \u2014sin ecos, sin reverberaci\u00f3n excesiva, con un nivel de ruido de fondo bajo\u2014 activa el parasimp\u00e1tico, ese estado de calma profunda que permite descansar de verdad, conversar sin esfuerzo, dormir sin interrupciones. En una familia, eso se traduce en menos conflictos, en m\u00e1s presencia, en la posibilidad real de disfrutar del hogar que has construido.<\/p><p>El blanco que caracteriza tantas de nuestras obras no es solo una opci\u00f3n crom\u00e1tica. Es la expresi\u00f3n visual de una filosof\u00eda: la depuraci\u00f3n. Eliminar lo accesorio para que lo esencial respire. Aplicada al sonido, esa misma filosof\u00eda produce espacios donde el ruido tambi\u00e9n ha sido depurado, filtrado, contenido. Donde lo que escuchas, si escuchas algo, es el viento entre los pinos, el agua de una fuente, la conversaci\u00f3n que has elegido tener.<\/p>\t\t\t\t\t\t\t\t<\/div>\n\t\t\t\t<\/div>\n\t\t\t\t<div class=\"elementor-element elementor-element-3724880 elementor-widget elementor-widget-heading\" data-id=\"3724880\" data-element_type=\"widget\" data-e-type=\"widget\" data-widget_type=\"heading.default\">\n\t\t\t\t<div class=\"elementor-widget-container\">\n\t\t\t\t\t<h4 class=\"elementor-heading-title elementor-size-default\">Construir el silencio que mereces\n<\/h4>\t\t\t\t<\/div>\n\t\t\t\t<\/div>\n\t\t\t\t<div class=\"elementor-element elementor-element-8ec82c1 elementor-widget elementor-widget-text-editor\" data-id=\"8ec82c1\" data-element_type=\"widget\" data-e-type=\"widget\" data-widget_type=\"text-editor.default\">\n\t\t\t\t<div class=\"elementor-widget-container\">\n\t\t\t\t\t\t\t\t\t<p>Si est\u00e1s proyectando una villa en la Costa del Sol \u2014o reformando la que ya tienes\u2014 te invitamos a pensar en la ac\u00fastica no como una especificaci\u00f3n t\u00e9cnica sino como una intenci\u00f3n de vida. En <b>Alejandro Gim\u00e9nez Arquitectos<\/b> integramos el confort sonoro desde las primeras decisiones de proyecto, porque sabemos que una casa que te da silencio te est\u00e1 dando algo que el dinero por s\u00ed solo no puede comprar: tiempo de calidad dentro de tus propias paredes.<\/p><p>Contacta con nosotros y cu\u00e9ntanos c\u00f3mo quieres sentirte en tu hogar. El resto, lo construimos juntos.<\/p>\t\t\t\t\t\t\t\t<\/div>\n\t\t\t\t<\/div>\n\t\t\t\t\t<\/div>\n\t\t<\/div>\n\t\t\t\t\t<\/div>\n\t\t<\/section>\n\t\t\t\t<\/div>\n\t\t","protected":false},"excerpt":{"rendered":"<p>La ac\u00fastica arquitect\u00f3nica es, hoy, el lujo que nadie fotograf\u00eda pero todo el mundo anhela como esencia del bienestar absoluto.\u00a0 En un mundo donde la exposici\u00f3n al ruido es constante e inevitable \u2014tr\u00e1fico, notificaciones, conversaciones que no te pertenecen, el zumbido omnipresente de las ciudades\u2014 la capacidad de una casa para envolverse en silencio se [&hellip;]<\/p>\n","protected":false},"author":5,"featured_media":9612,"comment_status":"open","ping_status":"open","sticky":false,"template":"","format":"standard","meta":{"rs_blank_template":"","rs_page_bg_color":"#ffffff","slide_template_v7":"","site-sidebar-layout":"default","site-content-layout":"default","ast-site-content-layout":"default","site-content-style":"default","site-sidebar-style":"default","ast-global-header-display":"","ast-banner-title-visibility":"","ast-main-header-display":"","ast-hfb-above-header-display":"","ast-hfb-below-header-display":"","ast-hfb-mobile-header-display":"","site-post-title":"","ast-breadcrumbs-content":"","ast-featured-img":"disabled","footer-sml-layout":"","ast-disable-related-posts":"","theme-transparent-header-meta":"default","adv-header-id-meta":"","stick-header-meta":"","header-above-stick-meta":"","header-main-stick-meta":"","header-below-stick-meta":"","astra-migrate-meta-layouts":"default","ast-page-background-enabled":"default","ast-page-background-meta":{"desktop":{"background-color":"var(--ast-global-color-4)","background-image":"","background-repeat":"repeat","background-position":"center center","background-size":"auto","background-attachment":"scroll","background-type":"","background-media":"","overlay-type":"","overlay-color":"","overlay-opacity":"","overlay-gradient":""},"tablet":{"background-color":"","background-image":"","background-repeat":"repeat","background-position":"center center","background-size":"auto","background-attachment":"scroll","background-type":"","background-media":"","overlay-type":"","overlay-color":"","overlay-opacity":"","overlay-gradient":""},"mobile":{"background-color":"","background-image":"","background-repeat":"repeat","background-position":"center center","background-size":"auto","background-attachment":"scroll","background-type":"","background-media":"","overlay-type":"","overlay-color":"","overlay-opacity":"","overlay-gradient":""}},"ast-content-background-meta":{"desktop":{"background-color":"var(--ast-global-color-5)","background-image":"","background-repeat":"repeat","background-position":"center center","background-size":"auto","background-attachment":"scroll","background-type":"","background-media":"","overlay-type":"","overlay-color":"","overlay-opacity":"","overlay-gradient":""},"tablet":{"background-color":"var(--ast-global-color-5)","background-image":"","background-repeat":"repeat","background-position":"center center","background-size":"auto","background-attachment":"scroll","background-type":"","background-media":"","overlay-type":"","overlay-color":"","overlay-opacity":"","overlay-gradient":""},"mobile":{"background-color":"var(--ast-global-color-5)","background-image":"","background-repeat":"repeat","background-position":"center center","background-size":"auto","background-attachment":"scroll","background-type":"","background-media":"","overlay-type":"","overlay-color":"","overlay-opacity":"","overlay-gradient":""}},"footnotes":""},"categories":[1],"tags":[236,165,237,199],"class_list":["post-9600","post","type-post","status-publish","format-standard","has-post-thumbnail","hentry","category-sin-categoria","tag-acustica-arquitectonica","tag-costa-del-sol","tag-marbella","tag-villas-de-lujo"],"yoast_head":"<!-- This site is optimized with the Yoast SEO plugin v27.7 - https:\/\/yoast.com\/product\/yoast-seo-wordpress\/ -->\n<title>Ac\u00fastica arquitect\u00f3nica en villas de lujo - Alejandro Gim\u00e9nez Architects<\/title>\n<meta name=\"description\" content=\"La ac\u00fastica arquitect\u00f3nica es, hoy, el lujo que nadie fotograf\u00eda pero todo el mundo anhela como esencia del bienestar absoluto.\" \/>\n<meta name=\"robots\" content=\"index, follow, max-snippet:-1, max-image-preview:large, max-video-preview:-1\" \/>\n<link rel=\"canonical\" href=\"https:\/\/alejandrogimenez.net\/es\/acustica-arquitectonica-villas-lujo\/\" \/>\n<meta property=\"og:locale\" content=\"es_ES\" \/>\n<meta property=\"og:type\" content=\"article\" \/>\n<meta property=\"og:title\" content=\"Ac\u00fastica arquitect\u00f3nica en villas de lujo - Alejandro Gim\u00e9nez Architects\" \/>\n<meta property=\"og:description\" content=\"La ac\u00fastica arquitect\u00f3nica es, hoy, el lujo que nadie fotograf\u00eda pero todo el mundo anhela como esencia del bienestar absoluto.\" \/>\n<meta property=\"og:url\" content=\"https:\/\/alejandrogimenez.net\/es\/acustica-arquitectonica-villas-lujo\/\" \/>\n<meta property=\"og:site_name\" content=\"Alejandro Gim\u00e9nez Architects\" \/>\n<meta property=\"article:publisher\" content=\"https:\/\/www.facebook.com\/alejandrogimenezarchitects\/\" \/>\n<meta property=\"article:published_time\" content=\"2026-09-05T09:40:33+00:00\" \/>\n<meta property=\"og:image\" content=\"https:\/\/alejandrogimenez.net\/wp-content\/uploads\/2026\/09\/Acustica-arquitectonica.jpg\" \/>\n\t<meta property=\"og:image:width\" content=\"1900\" \/>\n\t<meta property=\"og:image:height\" content=\"450\" \/>\n\t<meta property=\"og:image:type\" content=\"image\/jpeg\" \/>\n<meta name=\"author\" content=\"marketing\" \/>\n<meta name=\"twitter:card\" content=\"summary_large_image\" \/>\n<meta name=\"twitter:label1\" content=\"Escrito por\" \/>\n\t<meta name=\"twitter:data1\" content=\"marketing\" \/>\n\t<meta name=\"twitter:label2\" content=\"Tiempo de lectura\" \/>\n\t<meta name=\"twitter:data2\" content=\"5 minutos\" \/>\n<script type=\"application\/ld+json\" class=\"yoast-schema-graph\">{\"@context\":\"https:\\\/\\\/schema.org\",\"@graph\":[{\"@type\":\"Article\",\"@id\":\"https:\\\/\\\/alejandrogimenez.net\\\/es\\\/acustica-arquitectonica-villas-lujo\\\/#article\",\"isPartOf\":{\"@id\":\"https:\\\/\\\/alejandrogimenez.net\\\/es\\\/acustica-arquitectonica-villas-lujo\\\/\"},\"author\":{\"name\":\"marketing\",\"@id\":\"https:\\\/\\\/alejandrogimenez.net\\\/es\\\/#\\\/schema\\\/person\\\/f59abf072aa2d83666519ae1dfb7d17b\"},\"headline\":\"Ac\u00fastica arquitect\u00f3nica en villas de lujo\",\"datePublished\":\"2026-09-05T09:40:33+00:00\",\"mainEntityOfPage\":{\"@id\":\"https:\\\/\\\/alejandrogimenez.net\\\/es\\\/acustica-arquitectonica-villas-lujo\\\/\"},\"wordCount\":1076,\"commentCount\":0,\"publisher\":{\"@id\":\"https:\\\/\\\/alejandrogimenez.net\\\/es\\\/#organization\"},\"image\":{\"@id\":\"https:\\\/\\\/alejandrogimenez.net\\\/es\\\/acustica-arquitectonica-villas-lujo\\\/#primaryimage\"},\"thumbnailUrl\":\"https:\\\/\\\/alejandrogimenez.net\\\/wp-content\\\/uploads\\\/2026\\\/09\\\/Acustica-arquitectonica.jpg\",\"keywords\":[\"ac\u00fastica arquitect\u00f3nica\",\"Costa del Sol\",\"Marbella\",\"villas de lujo\"],\"inLanguage\":\"es\",\"potentialAction\":[{\"@type\":\"CommentAction\",\"name\":\"Comment\",\"target\":[\"https:\\\/\\\/alejandrogimenez.net\\\/es\\\/acustica-arquitectonica-villas-lujo\\\/#respond\"]}]},{\"@type\":\"WebPage\",\"@id\":\"https:\\\/\\\/alejandrogimenez.net\\\/es\\\/acustica-arquitectonica-villas-lujo\\\/\",\"url\":\"https:\\\/\\\/alejandrogimenez.net\\\/es\\\/acustica-arquitectonica-villas-lujo\\\/\",\"name\":\"Ac\u00fastica arquitect\u00f3nica en villas de lujo - Alejandro Gim\u00e9nez Architects\",\"isPartOf\":{\"@id\":\"https:\\\/\\\/alejandrogimenez.net\\\/es\\\/#website\"},\"primaryImageOfPage\":{\"@id\":\"https:\\\/\\\/alejandrogimenez.net\\\/es\\\/acustica-arquitectonica-villas-lujo\\\/#primaryimage\"},\"image\":{\"@id\":\"https:\\\/\\\/alejandrogimenez.net\\\/es\\\/acustica-arquitectonica-villas-lujo\\\/#primaryimage\"},\"thumbnailUrl\":\"https:\\\/\\\/alejandrogimenez.net\\\/wp-content\\\/uploads\\\/2026\\\/09\\\/Acustica-arquitectonica.jpg\",\"datePublished\":\"2026-09-05T09:40:33+00:00\",\"description\":\"La ac\u00fastica arquitect\u00f3nica es, hoy, el lujo que nadie fotograf\u00eda pero todo el mundo anhela como esencia del bienestar absoluto.\",\"breadcrumb\":{\"@id\":\"https:\\\/\\\/alejandrogimenez.net\\\/es\\\/acustica-arquitectonica-villas-lujo\\\/#breadcrumb\"},\"inLanguage\":\"es\",\"potentialAction\":[{\"@type\":\"ReadAction\",\"target\":[\"https:\\\/\\\/alejandrogimenez.net\\\/es\\\/acustica-arquitectonica-villas-lujo\\\/\"]}]},{\"@type\":\"ImageObject\",\"inLanguage\":\"es\",\"@id\":\"https:\\\/\\\/alejandrogimenez.net\\\/es\\\/acustica-arquitectonica-villas-lujo\\\/#primaryimage\",\"url\":\"https:\\\/\\\/alejandrogimenez.net\\\/wp-content\\\/uploads\\\/2026\\\/09\\\/Acustica-arquitectonica.jpg\",\"contentUrl\":\"https:\\\/\\\/alejandrogimenez.net\\\/wp-content\\\/uploads\\\/2026\\\/09\\\/Acustica-arquitectonica.jpg\",\"width\":1900,\"height\":450,\"caption\":\"Ac\u00fastica arquitect\u00f3nica\"},{\"@type\":\"BreadcrumbList\",\"@id\":\"https:\\\/\\\/alejandrogimenez.net\\\/es\\\/acustica-arquitectonica-villas-lujo\\\/#breadcrumb\",\"itemListElement\":[{\"@type\":\"ListItem\",\"position\":1,\"name\":\"Portada\",\"item\":\"https:\\\/\\\/alejandrogimenez.net\\\/es\\\/\"},{\"@type\":\"ListItem\",\"position\":2,\"name\":\"Ac\u00fastica arquitect\u00f3nica en villas de lujo\"}]},{\"@type\":\"WebSite\",\"@id\":\"https:\\\/\\\/alejandrogimenez.net\\\/es\\\/#website\",\"url\":\"https:\\\/\\\/alejandrogimenez.net\\\/es\\\/\",\"name\":\"Alejandro Gim\u00e9nez Architects\",\"description\":\"\",\"publisher\":{\"@id\":\"https:\\\/\\\/alejandrogimenez.net\\\/es\\\/#organization\"},\"potentialAction\":[{\"@type\":\"SearchAction\",\"target\":{\"@type\":\"EntryPoint\",\"urlTemplate\":\"https:\\\/\\\/alejandrogimenez.net\\\/es\\\/?s={search_term_string}\"},\"query-input\":{\"@type\":\"PropertyValueSpecification\",\"valueRequired\":true,\"valueName\":\"search_term_string\"}}],\"inLanguage\":\"es\"},{\"@type\":\"Organization\",\"@id\":\"https:\\\/\\\/alejandrogimenez.net\\\/es\\\/#organization\",\"name\":\"Alejandro Gim\u00e9nez Architects\",\"url\":\"https:\\\/\\\/alejandrogimenez.net\\\/es\\\/\",\"logo\":{\"@type\":\"ImageObject\",\"inLanguage\":\"es\",\"@id\":\"https:\\\/\\\/alejandrogimenez.net\\\/es\\\/#\\\/schema\\\/logo\\\/image\\\/\",\"url\":\"https:\\\/\\\/alejandrogimenez.net\\\/wp-content\\\/uploads\\\/2025\\\/08\\\/312047234_790324185348939_2230779929678453840_n.png\",\"contentUrl\":\"https:\\\/\\\/alejandrogimenez.net\\\/wp-content\\\/uploads\\\/2025\\\/08\\\/312047234_790324185348939_2230779929678453840_n.png\",\"width\":1077,\"height\":1077,\"caption\":\"Alejandro Gim\u00e9nez Architects\"},\"image\":{\"@id\":\"https:\\\/\\\/alejandrogimenez.net\\\/es\\\/#\\\/schema\\\/logo\\\/image\\\/\"},\"sameAs\":[\"https:\\\/\\\/www.facebook.com\\\/alejandrogimenezarchitects\\\/\",\"https:\\\/\\\/www.instagram.com\\\/alejandrogimenez_architects\\\/\"]},{\"@type\":\"Person\",\"@id\":\"https:\\\/\\\/alejandrogimenez.net\\\/es\\\/#\\\/schema\\\/person\\\/f59abf072aa2d83666519ae1dfb7d17b\",\"name\":\"marketing\",\"image\":{\"@type\":\"ImageObject\",\"inLanguage\":\"es\",\"@id\":\"https:\\\/\\\/secure.gravatar.com\\\/avatar\\\/a5582ac4d517d77171570f6e245f38c63cdc3ceeb1b2751e2e52ae867b5497ca?s=96&d=mm&r=g\",\"url\":\"https:\\\/\\\/secure.gravatar.com\\\/avatar\\\/a5582ac4d517d77171570f6e245f38c63cdc3ceeb1b2751e2e52ae867b5497ca?s=96&d=mm&r=g\",\"contentUrl\":\"https:\\\/\\\/secure.gravatar.com\\\/avatar\\\/a5582ac4d517d77171570f6e245f38c63cdc3ceeb1b2751e2e52ae867b5497ca?s=96&d=mm&r=g\",\"caption\":\"marketing\"}}]}<\/script>\n<!-- \/ Yoast SEO plugin. -->","yoast_head_json":{"title":"Ac\u00fastica arquitect\u00f3nica en villas de lujo - Alejandro Gim\u00e9nez Architects","description":"La ac\u00fastica arquitect\u00f3nica es, hoy, el lujo que nadie fotograf\u00eda pero todo el mundo anhela como esencia del bienestar absoluto.","robots":{"index":"index","follow":"follow","max-snippet":"max-snippet:-1","max-image-preview":"max-image-preview:large","max-video-preview":"max-video-preview:-1"},"canonical":"https:\/\/alejandrogimenez.net\/es\/acustica-arquitectonica-villas-lujo\/","og_locale":"es_ES","og_type":"article","og_title":"Ac\u00fastica arquitect\u00f3nica en villas de lujo - Alejandro Gim\u00e9nez Architects","og_description":"La ac\u00fastica arquitect\u00f3nica es, hoy, el lujo que nadie fotograf\u00eda pero todo el mundo anhela como esencia del bienestar absoluto.","og_url":"https:\/\/alejandrogimenez.net\/es\/acustica-arquitectonica-villas-lujo\/","og_site_name":"Alejandro Gim\u00e9nez Architects","article_publisher":"https:\/\/www.facebook.com\/alejandrogimenezarchitects\/","article_published_time":"2026-09-05T09:40:33+00:00","og_image":[{"width":1900,"height":450,"url":"https:\/\/alejandrogimenez.net\/wp-content\/uploads\/2026\/09\/Acustica-arquitectonica.jpg","type":"image\/jpeg"}],"author":"marketing","twitter_card":"summary_large_image","twitter_misc":{"Escrito por":"marketing","Tiempo de lectura":"5 minutos"},"schema":{"@context":"https:\/\/schema.org","@graph":[{"@type":"Article","@id":"https:\/\/alejandrogimenez.net\/es\/acustica-arquitectonica-villas-lujo\/#article","isPartOf":{"@id":"https:\/\/alejandrogimenez.net\/es\/acustica-arquitectonica-villas-lujo\/"},"author":{"name":"marketing","@id":"https:\/\/alejandrogimenez.net\/es\/#\/schema\/person\/f59abf072aa2d83666519ae1dfb7d17b"},"headline":"Ac\u00fastica arquitect\u00f3nica en villas de lujo","datePublished":"2026-09-05T09:40:33+00:00","mainEntityOfPage":{"@id":"https:\/\/alejandrogimenez.net\/es\/acustica-arquitectonica-villas-lujo\/"},"wordCount":1076,"commentCount":0,"publisher":{"@id":"https:\/\/alejandrogimenez.net\/es\/#organization"},"image":{"@id":"https:\/\/alejandrogimenez.net\/es\/acustica-arquitectonica-villas-lujo\/#primaryimage"},"thumbnailUrl":"https:\/\/alejandrogimenez.net\/wp-content\/uploads\/2026\/09\/Acustica-arquitectonica.jpg","keywords":["ac\u00fastica arquitect\u00f3nica","Costa del Sol","Marbella","villas de lujo"],"inLanguage":"es","potentialAction":[{"@type":"CommentAction","name":"Comment","target":["https:\/\/alejandrogimenez.net\/es\/acustica-arquitectonica-villas-lujo\/#respond"]}]},{"@type":"WebPage","@id":"https:\/\/alejandrogimenez.net\/es\/acustica-arquitectonica-villas-lujo\/","url":"https:\/\/alejandrogimenez.net\/es\/acustica-arquitectonica-villas-lujo\/","name":"Ac\u00fastica arquitect\u00f3nica en villas de lujo - Alejandro Gim\u00e9nez Architects","isPartOf":{"@id":"https:\/\/alejandrogimenez.net\/es\/#website"},"primaryImageOfPage":{"@id":"https:\/\/alejandrogimenez.net\/es\/acustica-arquitectonica-villas-lujo\/#primaryimage"},"image":{"@id":"https:\/\/alejandrogimenez.net\/es\/acustica-arquitectonica-villas-lujo\/#primaryimage"},"thumbnailUrl":"https:\/\/alejandrogimenez.net\/wp-content\/uploads\/2026\/09\/Acustica-arquitectonica.jpg","datePublished":"2026-09-05T09:40:33+00:00","description":"La ac\u00fastica arquitect\u00f3nica es, hoy, el lujo que nadie fotograf\u00eda pero todo el mundo anhela como esencia del bienestar absoluto.","breadcrumb":{"@id":"https:\/\/alejandrogimenez.net\/es\/acustica-arquitectonica-villas-lujo\/#breadcrumb"},"inLanguage":"es","potentialAction":[{"@type":"ReadAction","target":["https:\/\/alejandrogimenez.net\/es\/acustica-arquitectonica-villas-lujo\/"]}]},{"@type":"ImageObject","inLanguage":"es","@id":"https:\/\/alejandrogimenez.net\/es\/acustica-arquitectonica-villas-lujo\/#primaryimage","url":"https:\/\/alejandrogimenez.net\/wp-content\/uploads\/2026\/09\/Acustica-arquitectonica.jpg","contentUrl":"https:\/\/alejandrogimenez.net\/wp-content\/uploads\/2026\/09\/Acustica-arquitectonica.jpg","width":1900,"height":450,"caption":"Ac\u00fastica arquitect\u00f3nica"},{"@type":"BreadcrumbList","@id":"https:\/\/alejandrogimenez.net\/es\/acustica-arquitectonica-villas-lujo\/#breadcrumb","itemListElement":[{"@type":"ListItem","position":1,"name":"Portada","item":"https:\/\/alejandrogimenez.net\/es\/"},{"@type":"ListItem","position":2,"name":"Ac\u00fastica arquitect\u00f3nica en villas de lujo"}]},{"@type":"WebSite","@id":"https:\/\/alejandrogimenez.net\/es\/#website","url":"https:\/\/alejandrogimenez.net\/es\/","name":"Alejandro Gim\u00e9nez Architects","description":"","publisher":{"@id":"https:\/\/alejandrogimenez.net\/es\/#organization"},"potentialAction":[{"@type":"SearchAction","target":{"@type":"EntryPoint","urlTemplate":"https:\/\/alejandrogimenez.net\/es\/?s={search_term_string}"},"query-input":{"@type":"PropertyValueSpecification","valueRequired":true,"valueName":"search_term_string"}}],"inLanguage":"es"},{"@type":"Organization","@id":"https:\/\/alejandrogimenez.net\/es\/#organization","name":"Alejandro Gim\u00e9nez Architects","url":"https:\/\/alejandrogimenez.net\/es\/","logo":{"@type":"ImageObject","inLanguage":"es","@id":"https:\/\/alejandrogimenez.net\/es\/#\/schema\/logo\/image\/","url":"https:\/\/alejandrogimenez.net\/wp-content\/uploads\/2025\/08\/312047234_790324185348939_2230779929678453840_n.png","contentUrl":"https:\/\/alejandrogimenez.net\/wp-content\/uploads\/2025\/08\/312047234_790324185348939_2230779929678453840_n.png","width":1077,"height":1077,"caption":"Alejandro Gim\u00e9nez Architects"},"image":{"@id":"https:\/\/alejandrogimenez.net\/es\/#\/schema\/logo\/image\/"},"sameAs":["https:\/\/www.facebook.com\/alejandrogimenezarchitects\/","https:\/\/www.instagram.com\/alejandrogimenez_architects\/"]},{"@type":"Person","@id":"https:\/\/alejandrogimenez.net\/es\/#\/schema\/person\/f59abf072aa2d83666519ae1dfb7d17b","name":"marketing","image":{"@type":"ImageObject","inLanguage":"es","@id":"https:\/\/secure.gravatar.com\/avatar\/a5582ac4d517d77171570f6e245f38c63cdc3ceeb1b2751e2e52ae867b5497ca?s=96&d=mm&r=g","url":"https:\/\/secure.gravatar.com\/avatar\/a5582ac4d517d77171570f6e245f38c63cdc3ceeb1b2751e2e52ae867b5497ca?s=96&d=mm&r=g","contentUrl":"https:\/\/secure.gravatar.com\/avatar\/a5582ac4d517d77171570f6e245f38c63cdc3ceeb1b2751e2e52ae867b5497ca?s=96&d=mm&r=g","caption":"marketing"}}]}},"_links":{"self":[{"href":"https:\/\/alejandrogimenez.net\/es\/wp-json\/wp\/v2\/posts\/9600","targetHints":{"allow":["GET"]}}],"collection":[{"href":"https:\/\/alejandrogimenez.net\/es\/wp-json\/wp\/v2\/posts"}],"about":[{"href":"https:\/\/alejandrogimenez.net\/es\/wp-json\/wp\/v2\/types\/post"}],"author":[{"embeddable":true,"href":"https:\/\/alejandrogimenez.net\/es\/wp-json\/wp\/v2\/users\/5"}],"replies":[{"embeddable":true,"href":"https:\/\/alejandrogimenez.net\/es\/wp-json\/wp\/v2\/comments?post=9600"}],"version-history":[{"count":8,"href":"https:\/\/alejandrogimenez.net\/es\/wp-json\/wp\/v2\/posts\/9600\/revisions"}],"predecessor-version":[{"id":9630,"href":"https:\/\/alejandrogimenez.net\/es\/wp-json\/wp\/v2\/posts\/9600\/revisions\/9630"}],"wp:featuredmedia":[{"embeddable":true,"href":"https:\/\/alejandrogimenez.net\/es\/wp-json\/wp\/v2\/media\/9612"}],"wp:attachment":[{"href":"https:\/\/alejandrogimenez.net\/es\/wp-json\/wp\/v2\/media?parent=9600"}],"wp:term":[{"taxonomy":"category","embeddable":true,"href":"https:\/\/alejandrogimenez.net\/es\/wp-json\/wp\/v2\/categories?post=9600"},{"taxonomy":"post_tag","embeddable":true,"href":"https:\/\/alejandrogimenez.net\/es\/wp-json\/wp\/v2\/tags?post=9600"}],"curies":[{"name":"wp","href":"https:\/\/api.w.org\/{rel}","templated":true}]}}